{"id":9176,"date":"2020-11-09T05:54:21","date_gmt":"2020-11-09T05:54:21","guid":{"rendered":"https:\/\/vagoinformatique.com\/?p=9176"},"modified":"2020-11-09T05:54:23","modified_gmt":"2020-11-09T05:54:23","slug":"los-pioneros-40-anos-despues-en-que-se-han-convertido-philippe-kahn-el-genio-de-borland","status":"publish","type":"post","link":"https:\/\/vagoinformatique.com\/es\/2020\/11\/09\/los-pioneros-40-anos-despues-en-que-se-han-convertido-philippe-kahn-el-genio-de-borland\/","title":{"rendered":"Los pioneros. 40 a\u00f1os despu\u00e9s. \u00bfQu\u00e9 ha sido de ellos? Philippe Kahn, el genio de Borland"},"content":{"rendered":"<blockquote class=\"wp-block-quote is-layout-flow wp-block-quote-is-layout-flow\"><p><em>Por <a rel=\"noreferrer noopener\" href=\"https:\/\/christianvago.com\/\" target=\"_blank\">Christian Vago<\/a><\/em><\/p><p><em>Cr\u00e9dito de la foto de cabecera: Philippe Kahn, Fullpower\u00ae<\/em> <a rel=\"noreferrer noopener\" href=\"https:\/\/fullpower.com\/\" target=\"_blank\"><em>https:\/\/fullpower.com\/<\/em><\/a><\/p><\/blockquote>\n\n\n\n<p>\u00a1Impresionante! Al repasar las notas biogr\u00e1ficas de este asombroso pionero de la inform\u00e1tica moderna para preparar este art\u00edculo, no pude evitar re\u00edrme de admiraci\u00f3n y soltar m\u00e1s de una exclamaci\u00f3n.<\/p>\n\n\n\n<p>Art\u00edculo original en <a href=\"https:\/\/tellhandel.blog\/les-pionniers-40-ans-plus-tard-que-sont-ils-devenus-philippe-kahn-le-genie-de-borland\/\" target=\"_blank\" rel=\"noreferrer noopener\">https:\/\/tellhandel.blog\/les-pionniers-40-ans-plus-tard-que-sont-ils-devenus-philippe-kahn-le-genie-de-borland\/<\/a><\/p>\n\n\n\n<figure class=\"wp-block-embed-youtube aligncenter wp-block-embed is-type-video is-provider-youtube wp-embed-aspect-4-3 wp-has-aspect-ratio wp-embed-aspect-16-9\"><div class=\"wp-block-embed__wrapper\">\n<iframe loading=\"lazy\" title=\"Philippe Kahn, el genio de Borland\" width=\"900\" height=\"506\" src=\"https:\/\/www.youtube.com\/embed\/YwA18YF76es?feature=oembed\" frameborder=\"0\" allow=\"accelerometer; autoplay; clipboard-write; encrypted-media; gyroscope; picture-in-picture\" allowfullscreen><\/iframe>\n<\/div><figcaption>Para quienes no les gusta leer, aqu\u00ed tienen el relato de este art\u00edculo en v\u00eddeo. \u00a1Que lo disfruten!<\/figcaption><\/figure>\n\n\n\n<p>El Santa Cruz Tech Beat Journal describe al personaje como <em>\u00abUna de las cinco figuras que m\u00e1s han influido en la historia de las nuevas tecnolog\u00edas\u00bb.\u00bb<\/em>. \u00a1Nada menos que eso! (fuente: <a rel=\"noreferrer noopener\" href=\"https:\/\/www.santacruztechbeat.com\/2017\/08\/16\/philippe-kahn-named-one-mossbergs-five-influential-technologists\/\" target=\"_blank\">https:\/\/www.santacruztechbeat.com\/2017\/08\/16\/philippe-kahn-named-one-mossbergs-five-influential-technologists\/<\/a> )<\/p>\n\n\n\n<p class=\"has-drop-cap\">La epopeya de Philippe Kahn es una aventura extraordinaria. Para hacerle justicia, he tenido que incluir este art\u00edculo en nada menos que 12 categor\u00edas y 44 palabras clave. Todo un r\u00e9cord editorial. \u00a1Y podr\u00eda haber a\u00f1adido m\u00e1s! A continuaci\u00f3n descubrir\u00e1s por qu\u00e9.<\/p>\n\n\n\n<p>Todo empieza en 1952. O antes. Porque es un <em>destino<\/em> Incre\u00edble lo que le espera al peque\u00f1o Philippe, que nace este domingo 16 de marzo de 1952 en Francia, en Par\u00eds.<\/p>\n\n\n\n<figure class=\"wp-block-image size-large\"><img decoding=\"async\" src=\"https:\/\/tellhandel.blog\/wp-content\/uploads\/2020\/09\/philippe-kahn-borland.jpg\" alt=\"\" class=\"wp-image-2235\"\/><figcaption>La era Borland<\/figcaption><\/figure>\n\n\n\n<p>Sus pap\u00e1s son inmigrantes jud\u00edos de condici\u00f3n modesta. La mam\u00e1 de Philippe es una sobreviviente del campo nazi de Auschwitz, violinista y coronel del ej\u00e9rcito de la Resistencia francesa. Sin duda, ella fue quien le transmiti\u00f3 a su hijo el gusto por la m\u00fasica. Su pap\u00e1, Kahn, es ingeniero autodidacta, un detalle hereditario de gran importancia para comprender el resto de la aventura.<\/p>\n\n\n\n<p>Philippe creci\u00f3 en Par\u00eds. Como estudiante, destac\u00f3 en Suiza por sus estudios de matem\u00e1ticas, que curs\u00f3 en la Escuela Polit\u00e9cnica Federal de Z\u00farich (ETH), la universidad de referencia para los futuros matem\u00e1ticos y cient\u00edficos. Obtuvo otro m\u00e1ster, tambi\u00e9n en matem\u00e1ticas, esta vez en la Universidad de Niza. De estudiante pas\u00f3 a ser profesor en Cagnes-sur-Mer, Francia.<\/p>\n\n\n\n<h2 class=\"wp-block-heading\">Partida hacia la aventura californiana<\/h2>\n\n\n\n<p class=\"has-drop-cap\">En 1982, Philippe Kahn decide dejar Francia y mudarse a Estados Unidos. Se va con $2000 d\u00f3lares en el bolsillo, todos sus ahorros. Se instala en California, en Silicon Valley. Incapaz de encontrar trabajo por no tener la residencia legal necesaria, decide fundar su propia empresa con el objetivo de comercializar un software que hab\u00eda desarrollado.<\/p>\n\n\n\n<p>Al igual que Steve Jobs y Steve Wozniak en los inicios de Apple, los primeros empleados de Borland \u2014entre los que se encontraban un antiguo gerente de un restaurante japon\u00e9s, una camarera de c\u00f3cteles y el que fuera el \u00faltimo vendedor de sopa Campbell en M\u00e9xico\u2014 no daban necesariamente la imagen de una empresa muy seria. A\u00f1os m\u00e1s tarde, en una entrevista concedida al Wall Street Journal, ellos mismos describieron sus pr\u00e1cticas comerciales como <em>\u00abapenas dentro de la legalidad\u00bb<\/em>.<\/p>\n\n\n\n<p>Pero Kahn los ve como personas ingeniosas. Por ejemplo, cuando la empresa se queda sin liquidez para comprar equipo de oficina, imprime un impresionante papel con membrete y env\u00eda cartas a los fabricantes de equipos, solicitando muestras de sus productos para evaluarlos con vistas a un posible pedido importante. Los fabricantes env\u00edan entonces decenas de equipos y suministros inform\u00e1ticos a Borland. Una forma poco habitual de obtener un pr\u00e9stamo sin que se le llame as\u00ed, a la espera de que la empresa encuentre fuentes de financiaci\u00f3n m\u00e1s convencionales.<\/p>\n\n\n\n<p>Philippe Kahn tiene 31 a\u00f1os cuando Borland se convierte en una sociedad an\u00f3nima. Estamos en 1983. La empresa tendr\u00e1 una trayectoria at\u00edpica, ascendiendo r\u00e1pidamente en el mundo empresarial. <em>alta tecnolog\u00eda<\/em> hasta convertirse en la tercera empresa editora de software m\u00e1s importante del mundo, con cerca de 500 millones de d\u00f3lares en ventas de software y 986 empleados. Philippe Kahn fue su director general hasta 1995, a\u00f1o en el que probablemente se vio obligado a dimitir, un acontecimiento que recuerda a un episodio similar en la vida de Steve Jobs.<\/p>\n\n\n\n<p>En un escueto comunicado, Philippe Kahn se\u00f1ala entonces que es <em>\u00abEst\u00e1 claro que mi cargo de director ejecutivo se ha convertido en una distracci\u00f3n justo cuando Borland m\u00e1s necesita centrarse en el futuro y en los retos que le esperan. (...) El consejo y la direcci\u00f3n conf\u00edan en Gary Wetsel. <\/em>(su sucesor, el vicepresidente financiero de Borland, nota del editor)<em> para desarrollar e implementar un nuevo plan de reestructuraci\u00f3n.<\/em><\/p>\n\n\n\n<figure class=\"wp-block-image size-large\"><img decoding=\"async\" src=\"https:\/\/tellhandel.blog\/wp-content\/uploads\/2020\/09\/corel-head-quarter-ottawa-canada-1024x786.jpg\" alt=\"\" class=\"wp-image-2230\"\/><figcaption>La sede de COREL en Ottawa, Canad\u00e1<\/figcaption><\/figure>\n\n\n\n<h2 class=\"wp-block-heading\">Productos emblem\u00e1ticos que han dado forma a la inform\u00e1tica actual<\/h2>\n\n\n\n<p class=\"has-drop-cap\">El primer gran \u00e9xito de Borland fue probablemente su <em>Turbo Pascal<\/em>, creado por Anders Hejlsberg, quien m\u00e1s tarde desarrollar\u00eda los <em>.NET<\/em> y <em>C#<\/em> as\u00ed como el lenguaje de programaci\u00f3n <em>TypeScript<\/em>, un JavaScript creado para Microsoft.<\/p>\n\n\n\n<p>Turbo Pascal se comercializa en Escandinavia con el nombre de <em>Pascal Comp\u00e1s<\/em>. Estamos en 1983.<\/p>\n\n\n\n<p>En 1984 se lanza <em>Borland Sidekick<\/em>, un conjunto de herramientas de gesti\u00f3n personal que incluye un calendario, un editor de texto (con una interfaz de comando tipo WordStar), una calculadora, la integraci\u00f3n de s\u00edmbolos gr\u00e1ficos ASCII, una libreta de direcciones y un marcador telef\u00f3nico. Aunque se trataba de un programa en modo texto, la interfaz basada en ventanas de Sidekick se asemejaba a la del Macintosh y se adelantaba al aspecto gr\u00e1fico de Windows 2.0 de Microsoft.<\/p>\n\n\n\n<p>A finales de los a\u00f1os 70 y principios de los 80, las herramientas ofim\u00e1ticas que gozaban de aceptaci\u00f3n un\u00e1nime en el mercado se denominaban entonces <em>WordPerfect<\/em> para el procesamiento de textos, y <em>Lotus 1-2-3<\/em> para la hoja de c\u00e1lculo. Las suites Office, que agrupan varios programas en un solo paquete coherente, a\u00fan no exist\u00edan (aparecer\u00edan m\u00e1s tarde, a finales de los a\u00f1os 80). En aquella \u00e9poca, los desarrolladores y propietarios respectivos de WP y Lotus 1-2-3 eran la Universidad Brigham Young (la iglesia mormona de Utah) y Lotus Software.<\/p>\n\n\n\n<p>Con su excepcional hoja de c\u00e1lculo <em>Quattro-Pro<\/em>, Borland alter\u00f3 por completo el panorama de la homogeneidad ofim\u00e1tica de la \u00e9poca, hasta tal punto que le vali\u00f3 varios juicios, entre ellos uno muy sonado con Lotus, la empresa de Massachusetts que acusaba a la californiana de haberse inspirado demasiado en su producto. Demasiado poco, demasiado tarde: la apisonadora Borland ya estaba en marcha.<\/p>\n\n\n\n<p>Ep\u00edlogo de esta temporada <em>\u00abProcesamiento de textos \u2013 Hoja de c\u00e1lculo\u00bb<\/em>, Lotus 1-2-3 acabar\u00eda siendo adquirido por IBM, y WordPerfect por Novell (que cerrar\u00eda sus puertas en 2014) y posteriormente por la editorial canadiense Corel (el software <em>Corel Draw<\/em>), que, por cierto, se encarga de su comercializaci\u00f3n hasta la fecha.<\/p>\n\n\n\n<p>En 1991, Borland adquiri\u00f3 Ashton Tate, entonces el tercer mayor editor de software del mundo. Fue entonces cuando la empresa de Philippe Kahn se incorpor\u00f3 al <em>los tres grandes<\/em> adem\u00e1s de poseer ahora los derechos sobre el sistema de gesti\u00f3n de bases de datos <em>dBase<\/em>.<\/p>\n\n\n\n<p>Borland tambi\u00e9n ofrece muchas otras soluciones de software que han marcado de manera duradera el universo de toda una industria. Pensemos, por ejemplo, en <em>Paradox, Delphi, Jbuilder, Interbase J2EE<\/em> y <em>Servidor de aplicaciones<\/em>.<\/p>\n\n\n\n<p>La empresa seguir\u00e1 activa 20 a\u00f1os despu\u00e9s de la salida de su cofundador en 1995. Cierra definitivamente sus puertas en 2015, m\u00e1s de tres d\u00e9cadas despu\u00e9s de su creaci\u00f3n. La canadiense Corel, una vez m\u00e1s, adquiere Quattro Pro y le cambia el nombre a <em>Corel Quattro Pro<\/em>.<\/p>\n\n\n\n<h2 class=\"wp-block-heading\">Un jefe muy alejado del empresario narcisista<\/h2>\n\n\n\n<p class=\"has-drop-cap\">Bajo su direcci\u00f3n, Borland se convirti\u00f3 en la primera empresa de software en ofrecer a los clientes privados todas las ventajas de una suite profesional. Philippe Kahn tambi\u00e9n fue un pionero en la defensa de los derechos de los homosexuales en Silicon Valley. As\u00ed, fue uno de los principales ponentes de la conferencia sobre los derechos de los homosexuales celebrada el 19 de octubre de 1993 en el campus de Apple.<\/p>\n\n\n\n<p>Quienes tienen la oportunidad de conocerlo dan testimonio de su personalidad.<\/p>\n\n\n\n<blockquote class=\"wp-block-quote is-layout-flow wp-block-quote-is-layout-flow\"><p><em>Philippe Kahn pertenece a esa categor\u00eda de personas brillantes, modestas y accesibles.<\/em>.<\/p><cite>Michel Massain, director de ventas para la regi\u00f3n de Europa y \u00c1frica en CredoLab<\/cite><\/blockquote>\n\n\n\n<blockquote class=\"wp-block-quote is-layout-flow wp-block-quote-is-layout-flow\"><p><em>Un gran hombre, un pionero, un visionario con quien fund\u00e9 la filial francesa de Borland en 1985. Orgulloso de haber participado en esta gran aventura humana y tecnol\u00f3gica.<\/em>.<\/p><cite>Joel Poggiale, asesor ejecutivo de negocios de TI y mercados digitales<\/cite><\/blockquote>\n\n\n\n<blockquote class=\"wp-block-quote is-layout-flow wp-block-quote-is-layout-flow\"><p><em>Tuve la oportunidad y el honor de colaborar con Philippe y sigue siendo una de las experiencias profesionales y humanas m\u00e1s memorables para m\u00ed. \u00a1Una persona extraordinaria!<\/em><\/p><cite>S\u00e9bastien Tornassat, vicepresidente de Operaciones Estrat\u00e9gicas de Medtronic<\/cite><\/blockquote>\n\n\n\n<blockquote class=\"wp-block-quote is-layout-flow wp-block-quote-is-layout-flow\"><p><em>Tuve la oportunidad de trabajar para Philippe. No solo fue amable conmigo, sino que tambi\u00e9n mostr\u00f3 un gran respeto hacia todo el equipo. Se tom\u00f3 el tiempo de reunirse y agradecer a cada persona en el lugar. Es humilde, un verdadero caballero.<\/em><\/p><cite>Darren Kelly, fundador de CALNRG, San Rafael, California<\/cite><\/blockquote>\n\n\n\n<blockquote class=\"wp-block-quote is-layout-flow wp-block-quote-is-layout-flow\"><p><em>Un hombre incre\u00edblemente talentoso y generoso. Tuvo un impacto enorme, no solo en la tecnolog\u00eda, sino tambi\u00e9n en la vida de las personas.<\/em><\/p><cite>Andrew Van Valer, director de Operaciones de Esaiyo Inc., Santa Cruz, California<\/cite><\/blockquote>\n\n\n\n<h2 class=\"wp-block-heading\">Emprendedor en serie, esposo y pap\u00e1.<\/h2>\n\n\n\n<p class=\"has-drop-cap\">\u00c9l es el creador del intercambio instant\u00e1neo a trav\u00e9s de las c\u00e1maras integradas en nuestros tel\u00e9fonos m\u00f3viles y tabletas.<\/p>\n\n\n\n<p>A esto se suman m\u00e1s de 230 patentes relacionadas con las nuevas tecnolog\u00edas (en inteligencia artificial, IoT, detectores de movimiento innovadores, tecnolog\u00edas port\u00e1tiles, sistemas de posicionamiento GPS, telecomunicaciones, telemedicina y monitorizaci\u00f3n del sue\u00f1o).<\/p>\n\n\n\n<p>Philippe Kahn tiene cuatro hijos. Est\u00e1 casado con <strong>Sonia Lee<\/strong>, Fund\u00f3 con ella tres empresas: LightSurf, Starfish Software, una empresa especializada en el dise\u00f1o de sistemas de comunicaci\u00f3n m\u00f3vil, y Fullpower Technologies, cofundada tambi\u00e9n con Arthur Kinsolving, licenciado en Ciencias e Ingenier\u00eda Mec\u00e1nica por la Universidad de Yale, que se uni\u00f3 a la aventura.<\/p>\n\n\n\n<h2 class=\"wp-block-heading\">Fullpower, empresa de tecnolog\u00eda m\u00e9dica<\/h2>\n\n\n\n<p><a rel=\"noreferrer noopener\" href=\"https:\/\/fullpower.com\" target=\"_blank\">Fullpower<\/a>\u00ae es una plataforma integral para algoritmos de clase m\u00e9dica impulsados por inteligencia artificial, que abarca desde la biodetecci\u00f3n sin contacto hasta servicios de ingenier\u00eda integrales. La plataforma de <a rel=\"noreferrer noopener\" href=\"https:\/\/fullpower.com\/\" target=\"_blank\">https:\/\/fullpower.com<\/a> est\u00e1 respaldada por una cartera de m\u00e1s de 125 patentes.<\/p>\n\n\n\n<p>Por lo tanto, las principales \u00e1reas de especializaci\u00f3n de Fullpower son la biodetecci\u00f3n sin contacto, la monitorizaci\u00f3n remota y la tecnolog\u00eda del sue\u00f1o no invasiva de nivel PSG (o <em>polisomnograf\u00eda<\/em>, un tipo de estudio del sue\u00f1o, una prueba multiparam\u00e9trica utilizada en el estudio del sue\u00f1o que sirve como herramienta diagn\u00f3stica en la medicina del sue\u00f1o).<\/p>\n\n\n\n<p>Los mercados de Fullpower se encuentran en los \u00e1mbitos de las soluciones m\u00e9dicas, la monitorizaci\u00f3n remota de signos vitales, los ensayos cl\u00ednicos y las plataformas port\u00e1tiles.<\/p>\n\n\n\n<p>\u00a1La aventura contin\u00faa!<\/p>\n\n\n\n<p class=\"has-text-align-right\">Christian Vago<\/p>\n\n\n\n<figure class=\"wp-block-embed-vimeo wp-block-embed is-type-video is-provider-vimeo wp-embed-aspect-21-9 wp-has-aspect-ratio\"><div class=\"wp-block-embed__wrapper\">\n<iframe loading=\"lazy\" title=\"1997: El nacimiento del tel\u00e9fono con c\u00e1mara | Subconscious Films\" src=\"https:\/\/player.vimeo.com\/video\/221117048?dnt=1&amp;app_id=122963\" width=\"900\" height=\"375\" frameborder=\"0\" allow=\"autoplay; fullscreen\" allowfullscreen><\/iframe>\n<\/div><figcaption>La pel\u00edcula que narra la historia de la primera foto de la historia compartida en directo.<\/figcaption><\/figure>\n\n\n\n<div class=\"wp-block-image\"><figure class=\"aligncenter size-large\"><img decoding=\"async\" src=\"https:\/\/tellhandel.blog\/wp-content\/uploads\/2020\/09\/philippe-kahn-camera-phone.jpg\" alt=\"\" class=\"wp-image-2221\"\/><figcaption>Philippe Kahn en 1997 durante las pruebas de su c\u00e1mara para tel\u00e9fonos m\u00f3viles. Fuente: <a href=\"https:\/\/en.wikipedia.org\/wiki\/Philippe_Kahn\" target=\"_blank\" rel=\"noreferrer noopener\">https:\/\/en.wikipedia.org\/wiki\/Philippe_Kahn<\/a><\/figcaption><\/figure><\/div>\n\n\n\n<div class=\"wp-block-image\"><figure class=\"aligncenter size-large is-resized\"><img loading=\"lazy\" decoding=\"async\" src=\"https:\/\/tellhandel.blog\/wp-content\/uploads\/2020\/09\/philippe-kahn-first-camera-phone-picture.gif\" alt=\"\" class=\"wp-image-2227\" width=\"479\" height=\"359\"\/><figcaption>Primera foto de la historia compartida en directo a trav\u00e9s de un tel\u00e9fono celular. Es el 17 de junio de 1997. Fuente: <a rel=\"noreferrer noopener\" href=\"https:\/\/spectrum.ieee.org\/view-from-the-valley\/consumer-electronics\/audiovideo\/happy-birthday-camera-phone-your-papa-is-very-proud-of-you\" target=\"_blank\">https:\/\/spectrum.ieee.org\/view-from-the-valley\/consumer-electronics\/audiovideo\/happy-birthday-camera-phone-your-papa-is-very-proud-of-you<\/a><\/figcaption><\/figure><\/div>\n\n\n\n<figure class=\"wp-block-embed-youtube wp-block-embed is-type-video is-provider-youtube wp-embed-aspect-16-9 wp-has-aspect-ratio\"><div class=\"wp-block-embed__wrapper\">\n<iframe loading=\"lazy\" title=\"Walt Mossberg, periodista tecnol\u00f3gico\" width=\"900\" height=\"506\" src=\"https:\/\/www.youtube.com\/embed\/Hc3_ji7LHqk?start=274&#038;feature=oembed\" frameborder=\"0\" allow=\"accelerometer; autoplay; clipboard-write; encrypted-media; gyroscope; picture-in-picture\" allowfullscreen><\/iframe>\n<\/div><figcaption>El periodista tecnol\u00f3gico Walt Mossberg nos habla de Philippe Kahn.<\/figcaption><\/figure>\n\n\n\n<p><\/p>","protected":false},"excerpt":{"rendered":"Par Christian Vago Cr\u00e9dit photo d&rsquo;ent\u00eate : Philippe Kahn, Fullpower\u00ae https:\/\/fullpower.com\/ \u00c9norme! De parcourir les notes biographiques de ce pionnier \u00e9poustouflant de l&rsquo;informatique moderne, pour la pr\u00e9paration de cet article, m&rsquo;a arrach\u00e9 bien des rires d&rsquo;admiration, et combien d&rsquo;exclamations! Article original sur https:\/\/tellhandel.blog\/les-pionniers-40-ans-plus-tard-que-sont-ils-devenus-philippe-kahn-le-genie-de-borland\/ Le Santa Cruz Tech Beat Journal d\u00e9crit le personnage comme \u00ab\u00a0l&rsquo;une des&hellip;","protected":false},"author":1,"featured_media":9177,"comment_status":"open","ping_status":"open","sticky":false,"template":"","format":"standard","meta":{"footnotes":""},"categories":[106,6],"tags":[126,123,119,107,139,124,125,114,109,135,136,118,113,112,60,138,137,128,116,129,132,108,133,111,134,120,130,121,122,117,131,110,127,115],"class_list":["post-9176","post","type-post","status-publish","format-standard","has-post-thumbnail","hentry","category-histoire-de-linformatique","category-techno","tag-net","tag-anders-hejlsberg","tag-apple","tag-borland","tag-brevets","tag-c","tag-c-2","tag-corel","tag-delphi","tag-en-direct","tag-en-ligne","tag-france","tag-fullpower","tag-histoire","tag-informatique","tag-inventeur","tag-inventions","tag-javascript","tag-lotus","tag-microsoft","tag-partage","tag-philippe-kahn","tag-photo","tag-programmation","tag-selfies","tag-silicon-valley","tag-sonia-lee","tag-steve-jobs","tag-steve-wozniak","tag-tableur","tag-traitement-de-texte","tag-turbo-pascal","tag-typescript","tag-wordperfect"],"_links":{"self":[{"href":"https:\/\/vagoinformatique.com\/es\/wp-json\/wp\/v2\/posts\/9176","targetHints":{"allow":["GET"]}}],"collection":[{"href":"https:\/\/vagoinformatique.com\/es\/wp-json\/wp\/v2\/posts"}],"about":[{"href":"https:\/\/vagoinformatique.com\/es\/wp-json\/wp\/v2\/types\/post"}],"author":[{"embeddable":true,"href":"https:\/\/vagoinformatique.com\/es\/wp-json\/wp\/v2\/users\/1"}],"replies":[{"embeddable":true,"href":"https:\/\/vagoinformatique.com\/es\/wp-json\/wp\/v2\/comments?post=9176"}],"version-history":[{"count":1,"href":"https:\/\/vagoinformatique.com\/es\/wp-json\/wp\/v2\/posts\/9176\/revisions"}],"predecessor-version":[{"id":9178,"href":"https:\/\/vagoinformatique.com\/es\/wp-json\/wp\/v2\/posts\/9176\/revisions\/9178"}],"wp:featuredmedia":[{"embeddable":true,"href":"https:\/\/vagoinformatique.com\/es\/wp-json\/wp\/v2\/media\/9177"}],"wp:attachment":[{"href":"https:\/\/vagoinformatique.com\/es\/wp-json\/wp\/v2\/media?parent=9176"}],"wp:term":[{"taxonomy":"category","embeddable":true,"href":"https:\/\/vagoinformatique.com\/es\/wp-json\/wp\/v2\/categories?post=9176"},{"taxonomy":"post_tag","embeddable":true,"href":"https:\/\/vagoinformatique.com\/es\/wp-json\/wp\/v2\/tags?post=9176"}],"curies":[{"name":"wp","href":"https:\/\/api.w.org\/{rel}","templated":true}]}}